{"id":392,"date":"2019-03-26T10:58:28","date_gmt":"2019-03-26T10:58:28","guid":{"rendered":"https:\/\/www.bike55.es\/blog\/?p=392"},"modified":"2019-03-26T10:58:28","modified_gmt":"2019-03-26T10:58:28","slug":"culotes-cortos-de-ciclismo-5-propuestas-para-primavera-verano-2019","status":"publish","type":"post","link":"https:\/\/www.bike55.es\/blog\/culotes-cortos-de-ciclismo-5-propuestas-para-primavera-verano-2019\/","title":{"rendered":"Culotes Cortos de Ciclismo : 5 Propuestas para Primavera \/ Verano 2019"},"content":{"rendered":"<p>El post de hoy hemos querido hablar de nuestros 5 modelos de\u00a0<strong><a title=\"culotes cortos de ciclismo\" href=\"https:\/\/www.bike55.es\/culottes-cortos\" target=\"_blank\" rel=\"noopener\">culotes cortos de ciclismo<\/a>\u00a0<\/strong>\u00a0que son perfectos para los meses de\u00a0<strong>primavera\/verano 2019. <\/strong>Son prendas con una\u00a0calidad\/precio inmejorable, por lo que esperamos que os gusten.\u00a1Comenzamos!<!--more--><\/p>\n<p>El ciclismo es un deporte en que se debe ir preparado con una indumentaria\u00a0 especializada que sea <strong>c\u00f3moda<\/strong> y <b>funcional.<\/b><\/p>\n<p>Dentro de la equipaci\u00f3n de ciclismo, el culote es la prenda m\u00e1s importante y por ello, antes de lanzarnos a comprar el culote de ciclismo corto que m\u00e1s nos gusta por est\u00e9tica, debemos de pararnos a pensar y tener 5 caracter\u00edsticas en consideraci\u00f3n.<\/p>\n<h2>\u00bfQu\u00e9 debemos de tener en cuenta para escoger el Culote de Ciclismo Corto?<\/h2>\n<p>Lo m\u00e1s importante, a la hora de escoger nuestros culottes de ciclismo, es que respondan a nuestras necesidades, pero sobre todo hay\u00a0<strong>5 aspectos esenciales<\/strong>\u00a0que no podemos pasar por alto.<\/p>\n<ol>\n<li><strong>Calidad<\/strong><\/li>\n<li><strong>Comodidad<\/strong><\/li>\n<li><strong>Funcionalidad<\/strong><\/li>\n<li><strong>Transpirabilidad<\/strong><\/li>\n<li><strong>Badana<\/strong><\/li>\n<\/ol>\n<p>Para comenzar, tenemos que buscar en un culote corto de ciclismo, de calidad. y cerciorarnos de que cumple ciertos controles que avalen su uso intensivo. Por ello, siempre debemos de acudir a una <a href=\"https:\/\/www.bike55.es\/\" target=\"_blank\" rel=\"noopener\"><strong>tienda especializada en ciclismo.<\/strong><\/a><\/p>\n<p>Despu\u00e9s, debemos de buscar la comodidad. El culote tiene que se ajustado pero al mismo tiempo permitir la total libertad de movimientos.\u00a0 Observa que las cintas el\u00e1sticas no te apriete demasiado las piernas, que la no te haga pliegues, que no tenga costuras molestas, etc.<\/p>\n<p>Otro aspecto importante, es que sea funcional y adaptado a nuestras necesidades, es decir, que tenga las caracter\u00edsticas\u00a0que andamos buscando, por ejemplo que tenga los <strong>tirantes perforados, <\/strong>que incluya\u00a0<strong>elementos\u00a0reflectantes<\/strong>, etc.<\/p>\n<p>Otra caracter\u00edstica es que<strong> sea transpirable y de secado r\u00e1pido<\/strong>. Tiene que ser ligero, y desechar la humedad del sudor de forma r\u00e1pida para mantener la piel seca en la medida de lo posible.<\/p>\n<p>La \u00faltima es la m\u00e1s importante, la badana.\u00a0Sobre gustos y preferencias no hay nada escrito, por lo que cada ciclismo buscar\u00e1 la badana que mejor se adapte a su morfolog\u00eda.\u00a0 Aqu\u00ed tienes m\u00e1s informaci\u00f3n sobre <strong><a href=\"https:\/\/www.bike55.es\/blog\/como-escoger-la-badana-de-ciclismo\/\" target=\"_blank\" rel=\"noopener\">c\u00f3mo escoger la badana de ciclismo<\/a>.\u00a0<\/strong><\/p>\n<p>Cuando nos hayamos asegurado que nuestro culote cumple con las caracter\u00edsticas indicadas, es hora de fijarnos en el\u00a0<strong>dise\u00f1o<\/strong> que m\u00e1s nos guste. Un culote negro tiene la ventaja de que es atemporal y siempre combina con todos los maillots que tengamos, pero siempre podemos ser originales y escoger colores llamativos, con estampados, etc.. \u00a1Las opciones son infinitas!<\/p>\n<p>Hemos querido dedicar este post para hablar de nuestros<strong> 5 mejores culotes cortos<\/strong>, pues cumplen con los requisitos mencionados anteriormente y adem\u00e1s cuestan menos de 80 euros \u00bfqu\u00e9 m\u00e1s se puede pedir?<\/p>\n<h2>Mejores Culotes de Ciclismo Cortos 2019 de Bike55<\/h2>\n<h3>\u00a01. Culote Corto Square<\/h3>\n<figure id=\"attachment_398\" aria-describedby=\"caption-attachment-398\" style=\"width: 800px\" class=\"wp-caption alignnone\"><a href=\"https:\/\/www.bike55.es\/culote-ciclismo-elite#\/25-talla-xs\/75-grip-45_cm\" target=\"_blank\" rel=\"noopener\"><img decoding=\"async\" loading=\"lazy\" class=\"wp-image-398 size-full\" src=\"https:\/\/www.bike55.es\/blog\/wp-content\/uploads\/2019\/03\/square.jpg\" alt=\"\" width=\"800\" height=\"800\" srcset=\"https:\/\/www.bike55.es\/blog\/wp-content\/uploads\/2019\/03\/square.jpg 800w, https:\/\/www.bike55.es\/blog\/wp-content\/uploads\/2019\/03\/square-150x150.jpg 150w, https:\/\/www.bike55.es\/blog\/wp-content\/uploads\/2019\/03\/square-300x300.jpg 300w, https:\/\/www.bike55.es\/blog\/wp-content\/uploads\/2019\/03\/square-768x768.jpg 768w\" sizes=\"(max-width: 800px) 100vw, 800px\" \/><\/a><figcaption id=\"caption-attachment-398\" class=\"wp-caption-text\">Culote Corto Ciclismo Square<\/figcaption><\/figure>\n<p>Como novedad para esta primavera\/verano tenemos <strong>el <\/strong><strong>Maillot corto Square\u00a0<\/strong>de \u00f3ptimo ajuste compuesto por\u00a0Poliamida 210g 68%poliamida 32% elast\u00f3mero.<\/p>\n<p>Es muy\u00a0<strong>c\u00f3modo y transpirable<\/strong>,\u00a0con tirantes de rejilla 75% Poli\u00e9ster 25% Elast\u00f3mero perforados y muy c\u00f3modos. Badana de excelente calidad con revestimiento de carbono con una densidad 120 Kg\/m3. Las badanas de carbono, evita el aumento de la temperatura de la piel aunque haya fricci\u00f3n.<\/p>\n<p>Las cintas\u00a0est\u00e1n fabricadas en poliester\/elastano con <strong>l\u00e1grimas de silicona de 7cm.<\/strong><\/p>\n<p><strong>Disponible tambi\u00e9n para Chica\u00a0<\/strong><\/p>\n<figure id=\"attachment_399\" aria-describedby=\"caption-attachment-399\" style=\"width: 800px\" class=\"wp-caption alignnone\"><a href=\"https:\/\/www.bike55.es\/culote-pro-elite-evolution-chica#\/68-talla-xxs\"><img decoding=\"async\" loading=\"lazy\" class=\"size-full wp-image-399\" src=\"https:\/\/www.bike55.es\/blog\/wp-content\/uploads\/2019\/03\/culote-corto-chica.jpg\" alt=\"\" width=\"800\" height=\"800\" srcset=\"https:\/\/www.bike55.es\/blog\/wp-content\/uploads\/2019\/03\/culote-corto-chica.jpg 800w, https:\/\/www.bike55.es\/blog\/wp-content\/uploads\/2019\/03\/culote-corto-chica-150x150.jpg 150w, https:\/\/www.bike55.es\/blog\/wp-content\/uploads\/2019\/03\/culote-corto-chica-300x300.jpg 300w, https:\/\/www.bike55.es\/blog\/wp-content\/uploads\/2019\/03\/culote-corto-chica-768x768.jpg 768w\" sizes=\"(max-width: 800px) 100vw, 800px\" \/><\/a><figcaption id=\"caption-attachment-399\" class=\"wp-caption-text\">Culote Corto Chica Square<\/figcaption><\/figure>\n<p>Comparte las caracter\u00edsticas que el culote masculino, pero no incluye tirantes y la badana es especial para mujer. Cuenta con una <strong>goma siliconada<\/strong> en la cintura\u00a0para una mayor adaptaci\u00f3n anat\u00f3mica.<\/p>\n<p>La badana cuenta con un revestimiento de <strong>coolmax\u00a0120 Kg\/m3,<\/strong> que tambi\u00e9n\u00a0evita el aumento de la temperatura de la piel aunque haya fricci\u00f3n.<\/p>\n<h3>2. Culote Corto Milano<\/h3>\n<div class=\"mceTemp\"><\/div>\n<figure id=\"attachment_401\" aria-describedby=\"caption-attachment-401\" style=\"width: 800px\" class=\"wp-caption alignnone\"><a href=\"https:\/\/www.bike55.es\/culote-team#\/25-talla-xs\/75-grip-45_cm\"><img decoding=\"async\" loading=\"lazy\" class=\"size-full wp-image-401\" src=\"https:\/\/www.bike55.es\/blog\/wp-content\/uploads\/2019\/03\/culote-team.jpg\" alt=\"\" width=\"800\" height=\"800\" srcset=\"https:\/\/www.bike55.es\/blog\/wp-content\/uploads\/2019\/03\/culote-team.jpg 800w, https:\/\/www.bike55.es\/blog\/wp-content\/uploads\/2019\/03\/culote-team-150x150.jpg 150w, https:\/\/www.bike55.es\/blog\/wp-content\/uploads\/2019\/03\/culote-team-300x300.jpg 300w, https:\/\/www.bike55.es\/blog\/wp-content\/uploads\/2019\/03\/culote-team-768x768.jpg 768w\" sizes=\"(max-width: 800px) 100vw, 800px\" \/><\/a><figcaption id=\"caption-attachment-401\" class=\"wp-caption-text\">Culote Corto Ciclismo Milano<\/figcaption><\/figure>\n<p>El<b> Culote Corto Milano <\/b>est\u00e1compuesto por <b>Poliamida. 210g 68% Poliamida 32% Elast\u00f3mero<\/b>de\u00a0<strong>elastano<\/strong>\u00a0para un ajuste \u00f3ptimo al\u00a0cuerpo. Secado ultrar\u00e1pido y muy confortable.<\/p>\n<p>Los tirantes se componen de tejido de rejilla 75% Poli\u00e9ster 25% Elast\u00f3mero. Flexibles y ventilados.<\/p>\n<p>La badana cuenta con revestimiento de carbono y un <strong>a\u00f1adido de por\u00f3n, densidad 120 Kg.\/m3.\u00a0<\/strong>\u00a0La badana tiene gran absorci\u00f3n de los impactos provocados por el sill\u00edn.<\/p>\n<h3>3. Culote Corto Pro Elite Evolution<\/h3>\n<figure id=\"attachment_402\" aria-describedby=\"caption-attachment-402\" style=\"width: 800px\" class=\"wp-caption alignnone\"><a href=\"https:\/\/www.bike55.es\/culotte-corto-pro-elite-evolution#\/25-talla-xs\" target=\"_blank\" rel=\"noopener\"><img decoding=\"async\" loading=\"lazy\" class=\"size-full wp-image-402\" src=\"https:\/\/www.bike55.es\/blog\/wp-content\/uploads\/2019\/03\/culotte-corto-pro-elite-evolution.jpg\" alt=\"\" width=\"800\" height=\"800\" srcset=\"https:\/\/www.bike55.es\/blog\/wp-content\/uploads\/2019\/03\/culotte-corto-pro-elite-evolution.jpg 800w, https:\/\/www.bike55.es\/blog\/wp-content\/uploads\/2019\/03\/culotte-corto-pro-elite-evolution-150x150.jpg 150w, https:\/\/www.bike55.es\/blog\/wp-content\/uploads\/2019\/03\/culotte-corto-pro-elite-evolution-300x300.jpg 300w, https:\/\/www.bike55.es\/blog\/wp-content\/uploads\/2019\/03\/culotte-corto-pro-elite-evolution-768x768.jpg 768w\" sizes=\"(max-width: 800px) 100vw, 800px\" \/><\/a><figcaption id=\"caption-attachment-402\" class=\"wp-caption-text\">Culote Corto Ciclismo Pro Evolution<\/figcaption><\/figure>\n<p>Un culotte de excelente calidad, compuesto por poliamida 210g 69% 32% elast\u00f3mero y<strong> costuras planas.<\/strong><\/p>\n<p>Cuenta con unos tirantes\u00a0Aero muy flexibles y ventilados. Su <strong>badana es la\u00a0Rekord (SAT) densidad 140Kg\/m\u00b3.<\/strong><\/p>\n<h3>4. Culote Corto Tourmalet<\/h3>\n<figure id=\"attachment_404\" aria-describedby=\"caption-attachment-404\" style=\"width: 800px\" class=\"wp-caption alignnone\"><a href=\"https:\/\/www.bike55.es\/culote-corto-tourmalet#\/25-talla-xs\"><img decoding=\"async\" loading=\"lazy\" class=\"size-full wp-image-404\" src=\"https:\/\/www.bike55.es\/blog\/wp-content\/uploads\/2019\/03\/culote-corto-tourmalet.png\" alt=\"\" width=\"800\" height=\"800\" srcset=\"https:\/\/www.bike55.es\/blog\/wp-content\/uploads\/2019\/03\/culote-corto-tourmalet.png 800w, https:\/\/www.bike55.es\/blog\/wp-content\/uploads\/2019\/03\/culote-corto-tourmalet-150x150.png 150w, https:\/\/www.bike55.es\/blog\/wp-content\/uploads\/2019\/03\/culote-corto-tourmalet-300x300.png 300w, https:\/\/www.bike55.es\/blog\/wp-content\/uploads\/2019\/03\/culote-corto-tourmalet-768x768.png 768w\" sizes=\"(max-width: 800px) 100vw, 800px\" \/><\/a><figcaption id=\"caption-attachment-404\" class=\"wp-caption-text\">Culote Corto Ciclismo Tourmalet<\/figcaption><\/figure>\n<p>El culote Tourmalet se compone Poliamida 210g 69% 32% elast\u00f3mero y presenta <strong>costuras plantas.<\/strong><\/p>\n<p>Al igual que el Pro Evolution, tiene los tirantes <strong>Aero muy flexibles y ventilados<\/strong>. Se diferencia en que \u00e9ste incluye la\u00a0<strong>Badana\u00a0Tornado\u00a0(SAT) densidad 140Kg\/m\u00b3.<\/strong><\/p>\n<h3>5. Culote Corto Myroad<\/h3>\n<figure id=\"attachment_405\" aria-describedby=\"caption-attachment-405\" style=\"width: 800px\" class=\"wp-caption alignnone\"><a href=\"https:\/\/www.bike55.es\/culotte-corto-myroad#\/25-talla-xs\"><img decoding=\"async\" loading=\"lazy\" class=\"size-full wp-image-405\" src=\"https:\/\/www.bike55.es\/blog\/wp-content\/uploads\/2019\/03\/culotte-corto-myroad.jpg\" alt=\"\" width=\"800\" height=\"800\" srcset=\"https:\/\/www.bike55.es\/blog\/wp-content\/uploads\/2019\/03\/culotte-corto-myroad.jpg 800w, https:\/\/www.bike55.es\/blog\/wp-content\/uploads\/2019\/03\/culotte-corto-myroad-150x150.jpg 150w, https:\/\/www.bike55.es\/blog\/wp-content\/uploads\/2019\/03\/culotte-corto-myroad-300x300.jpg 300w, https:\/\/www.bike55.es\/blog\/wp-content\/uploads\/2019\/03\/culotte-corto-myroad-768x768.jpg 768w\" sizes=\"(max-width: 800px) 100vw, 800px\" \/><\/a><figcaption id=\"caption-attachment-405\" class=\"wp-caption-text\">Culote Corto Cicismo Myroad<\/figcaption><\/figure>\n<p>Para terminar, tenemos el <strong>culote corto Myrad<\/strong>, de\u00a0<strong>ajuste \u00f3ptimo<\/strong>. Formado por poliamida 210g 68% Poliamida 32% Elast\u00f3mero. Tiene las costuras planas.<\/p>\n<p>Muy\u00a0<strong>c\u00f3modo y transpirable<\/strong>, perfecto para una practica intensiva de ciclismo.<\/p>\n<p>Cuenta con unos tirantes fabricados en\u00a0cinta el\u00e1stica perforada. La Badana es la Tornado (SAT)densidad 120Kg.\/m\u00b3 y revestimiento con hilos de carbono.<\/p>\n<p>No lleva cinta el\u00e1stica alrededor de los muslos, aportando gran confort.<\/p>\n<p>Espero que os hayan gustado nuestras prendas. Como siempre, en <strong>Bike55<\/strong> tienes un equipo especializado en equitaciones departidos dispuesto a <strong>asesorarte y ayudarte sobre cualquier duda<\/strong> que tengas sobre la elecci\u00f3n de tu culote de ciclismo. \u00a1Hasta pronto!<\/p>\n","protected":false},"excerpt":{"rendered":"<p>El post de hoy hemos querido hablar de nuestros 5 modelos de\u00a0culotes cortos de ciclismo\u00a0\u00a0que son perfectos para los meses de\u00a0primavera\/verano 2019. Son prendas con una\u00a0calidad\/precio inmejorable, por lo que esperamos que os gusten.\u00a1Comenzamos!<\/p>\n","protected":false},"author":1,"featured_media":396,"comment_status":"open","ping_status":"closed","sticky":false,"template":"","format":"standard","meta":[],"categories":[1],"tags":[],"yoast_head":"<!-- This site is optimized with the Yoast SEO plugin v19.0 - https:\/\/yoast.com\/wordpress\/plugins\/seo\/ -->\n<title>Culotes de Ciclismo Cortos : 5 Prendas para Primavera Verano 2019<\/title>\n<meta name=\"description\" content=\"\u00bfBuscas comprar un culote de ciclismo corto para primavera o verano? Conoce nuestras 5 prendas con la mejor relaci\u00f3n calidad precio-.\" \/>\n<meta name=\"robots\" content=\"index, follow, max-snippet:-1, max-image-preview:large, max-video-preview:-1\" \/>\n<link rel=\"canonical\" href=\"https:\/\/www.bike55.es\/blog\/culotes-cortos-de-ciclismo-5-propuestas-para-primavera-verano-2019\/\" \/>\n<meta property=\"og:locale\" content=\"es_ES\" \/>\n<meta property=\"og:type\" content=\"article\" \/>\n<meta property=\"og:title\" content=\"Culotes de Ciclismo Cortos : 5 Prendas para Primavera Verano 2019\" \/>\n<meta property=\"og:description\" content=\"\u00bfBuscas comprar un culote de ciclismo corto para primavera o verano? Conoce nuestras 5 prendas con la mejor relaci\u00f3n calidad precio-.\" \/>\n<meta property=\"og:url\" content=\"https:\/\/www.bike55.es\/blog\/culotes-cortos-de-ciclismo-5-propuestas-para-primavera-verano-2019\/\" \/>\n<meta property=\"og:site_name\" content=\"Blog sobre equipaciones deportivas\" \/>\n<meta property=\"article:published_time\" content=\"2019-03-26T10:58:28+00:00\" \/>\n<meta property=\"og:image\" content=\"https:\/\/www.bike55.es\/blog\/wp-content\/uploads\/2019\/03\/culotes-cortos-2019.jpg\" \/>\n\t<meta property=\"og:image:width\" content=\"1100\" \/>\n\t<meta property=\"og:image:height\" content=\"600\" \/>\n\t<meta property=\"og:image:type\" content=\"image\/jpeg\" \/>\n<meta name=\"twitter:card\" content=\"summary_large_image\" \/>\n<meta name=\"twitter:label1\" content=\"Escrito por\" \/>\n\t<meta name=\"twitter:data1\" content=\"Bike55\" \/>\n\t<meta name=\"twitter:label2\" content=\"Tiempo de lectura\" \/>\n\t<meta name=\"twitter:data2\" content=\"5 minutos\" \/>\n<script type=\"application\/ld+json\" class=\"yoast-schema-graph\">{\"@context\":\"https:\/\/schema.org\",\"@graph\":[{\"@type\":\"WebSite\",\"@id\":\"https:\/\/www.bike55.es\/blog\/#website\",\"url\":\"https:\/\/www.bike55.es\/blog\/\",\"name\":\"Blog sobre equipaciones deportivas\",\"description\":\"Toda la informaci\u00f3n que necesitas saber para escoger tus equipaciones deportivas independientemente del deporte que practiques\",\"potentialAction\":[{\"@type\":\"SearchAction\",\"target\":{\"@type\":\"EntryPoint\",\"urlTemplate\":\"https:\/\/www.bike55.es\/blog\/?s={search_term_string}\"},\"query-input\":\"required name=search_term_string\"}],\"inLanguage\":\"es\"},{\"@type\":\"ImageObject\",\"inLanguage\":\"es\",\"@id\":\"https:\/\/www.bike55.es\/blog\/culotes-cortos-de-ciclismo-5-propuestas-para-primavera-verano-2019\/#primaryimage\",\"url\":\"https:\/\/www.bike55.es\/blog\/wp-content\/uploads\/2019\/03\/culotes-cortos-2019.jpg\",\"contentUrl\":\"https:\/\/www.bike55.es\/blog\/wp-content\/uploads\/2019\/03\/culotes-cortos-2019.jpg\",\"width\":1100,\"height\":600,\"caption\":\"Culotes cortos 2019\"},{\"@type\":\"WebPage\",\"@id\":\"https:\/\/www.bike55.es\/blog\/culotes-cortos-de-ciclismo-5-propuestas-para-primavera-verano-2019\/#webpage\",\"url\":\"https:\/\/www.bike55.es\/blog\/culotes-cortos-de-ciclismo-5-propuestas-para-primavera-verano-2019\/\",\"name\":\"Culotes de Ciclismo Cortos : 5 Prendas para Primavera Verano 2019\",\"isPartOf\":{\"@id\":\"https:\/\/www.bike55.es\/blog\/#website\"},\"primaryImageOfPage\":{\"@id\":\"https:\/\/www.bike55.es\/blog\/culotes-cortos-de-ciclismo-5-propuestas-para-primavera-verano-2019\/#primaryimage\"},\"datePublished\":\"2019-03-26T10:58:28+00:00\",\"dateModified\":\"2019-03-26T10:58:28+00:00\",\"author\":{\"@id\":\"https:\/\/www.bike55.es\/blog\/#\/schema\/person\/671618ffb6b2d5270268202485dcbf65\"},\"description\":\"\u00bfBuscas comprar un culote de ciclismo corto para primavera o verano? Conoce nuestras 5 prendas con la mejor relaci\u00f3n calidad precio-.\",\"breadcrumb\":{\"@id\":\"https:\/\/www.bike55.es\/blog\/culotes-cortos-de-ciclismo-5-propuestas-para-primavera-verano-2019\/#breadcrumb\"},\"inLanguage\":\"es\",\"potentialAction\":[{\"@type\":\"ReadAction\",\"target\":[\"https:\/\/www.bike55.es\/blog\/culotes-cortos-de-ciclismo-5-propuestas-para-primavera-verano-2019\/\"]}]},{\"@type\":\"BreadcrumbList\",\"@id\":\"https:\/\/www.bike55.es\/blog\/culotes-cortos-de-ciclismo-5-propuestas-para-primavera-verano-2019\/#breadcrumb\",\"itemListElement\":[{\"@type\":\"ListItem\",\"position\":1,\"name\":\"Home\",\"item\":\"https:\/\/www.bike55.es\/blog\/\"},{\"@type\":\"ListItem\",\"position\":2,\"name\":\"Culotes Cortos de Ciclismo : 5 Propuestas para Primavera \/ Verano 2019\"}]},{\"@type\":\"Person\",\"@id\":\"https:\/\/www.bike55.es\/blog\/#\/schema\/person\/671618ffb6b2d5270268202485dcbf65\",\"name\":\"Bike55\",\"image\":{\"@type\":\"ImageObject\",\"inLanguage\":\"es\",\"@id\":\"https:\/\/www.bike55.es\/blog\/#\/schema\/person\/image\/\",\"url\":\"https:\/\/secure.gravatar.com\/avatar\/d7b0a493b31074f962db7078a92772a8?s=96&d=mm&r=g\",\"contentUrl\":\"https:\/\/secure.gravatar.com\/avatar\/d7b0a493b31074f962db7078a92772a8?s=96&d=mm&r=g\",\"caption\":\"Bike55\"},\"url\":\"https:\/\/www.bike55.es\/blog\/author\/seoluciona\/\"}]}<\/script>\n<!-- \/ Yoast SEO plugin. -->","yoast_head_json":{"title":"Culotes de Ciclismo Cortos : 5 Prendas para Primavera Verano 2019","description":"\u00bfBuscas comprar un culote de ciclismo corto para primavera o verano? Conoce nuestras 5 prendas con la mejor relaci\u00f3n calidad precio-.","robots":{"index":"index","follow":"follow","max-snippet":"max-snippet:-1","max-image-preview":"max-image-preview:large","max-video-preview":"max-video-preview:-1"},"canonical":"https:\/\/www.bike55.es\/blog\/culotes-cortos-de-ciclismo-5-propuestas-para-primavera-verano-2019\/","og_locale":"es_ES","og_type":"article","og_title":"Culotes de Ciclismo Cortos : 5 Prendas para Primavera Verano 2019","og_description":"\u00bfBuscas comprar un culote de ciclismo corto para primavera o verano? Conoce nuestras 5 prendas con la mejor relaci\u00f3n calidad precio-.","og_url":"https:\/\/www.bike55.es\/blog\/culotes-cortos-de-ciclismo-5-propuestas-para-primavera-verano-2019\/","og_site_name":"Blog sobre equipaciones deportivas","article_published_time":"2019-03-26T10:58:28+00:00","og_image":[{"width":1100,"height":600,"url":"https:\/\/www.bike55.es\/blog\/wp-content\/uploads\/2019\/03\/culotes-cortos-2019.jpg","type":"image\/jpeg"}],"twitter_card":"summary_large_image","twitter_misc":{"Escrito por":"Bike55","Tiempo de lectura":"5 minutos"},"schema":{"@context":"https:\/\/schema.org","@graph":[{"@type":"WebSite","@id":"https:\/\/www.bike55.es\/blog\/#website","url":"https:\/\/www.bike55.es\/blog\/","name":"Blog sobre equipaciones deportivas","description":"Toda la informaci\u00f3n que necesitas saber para escoger tus equipaciones deportivas independientemente del deporte que practiques","potentialAction":[{"@type":"SearchAction","target":{"@type":"EntryPoint","urlTemplate":"https:\/\/www.bike55.es\/blog\/?s={search_term_string}"},"query-input":"required name=search_term_string"}],"inLanguage":"es"},{"@type":"ImageObject","inLanguage":"es","@id":"https:\/\/www.bike55.es\/blog\/culotes-cortos-de-ciclismo-5-propuestas-para-primavera-verano-2019\/#primaryimage","url":"https:\/\/www.bike55.es\/blog\/wp-content\/uploads\/2019\/03\/culotes-cortos-2019.jpg","contentUrl":"https:\/\/www.bike55.es\/blog\/wp-content\/uploads\/2019\/03\/culotes-cortos-2019.jpg","width":1100,"height":600,"caption":"Culotes cortos 2019"},{"@type":"WebPage","@id":"https:\/\/www.bike55.es\/blog\/culotes-cortos-de-ciclismo-5-propuestas-para-primavera-verano-2019\/#webpage","url":"https:\/\/www.bike55.es\/blog\/culotes-cortos-de-ciclismo-5-propuestas-para-primavera-verano-2019\/","name":"Culotes de Ciclismo Cortos : 5 Prendas para Primavera Verano 2019","isPartOf":{"@id":"https:\/\/www.bike55.es\/blog\/#website"},"primaryImageOfPage":{"@id":"https:\/\/www.bike55.es\/blog\/culotes-cortos-de-ciclismo-5-propuestas-para-primavera-verano-2019\/#primaryimage"},"datePublished":"2019-03-26T10:58:28+00:00","dateModified":"2019-03-26T10:58:28+00:00","author":{"@id":"https:\/\/www.bike55.es\/blog\/#\/schema\/person\/671618ffb6b2d5270268202485dcbf65"},"description":"\u00bfBuscas comprar un culote de ciclismo corto para primavera o verano? Conoce nuestras 5 prendas con la mejor relaci\u00f3n calidad precio-.","breadcrumb":{"@id":"https:\/\/www.bike55.es\/blog\/culotes-cortos-de-ciclismo-5-propuestas-para-primavera-verano-2019\/#breadcrumb"},"inLanguage":"es","potentialAction":[{"@type":"ReadAction","target":["https:\/\/www.bike55.es\/blog\/culotes-cortos-de-ciclismo-5-propuestas-para-primavera-verano-2019\/"]}]},{"@type":"BreadcrumbList","@id":"https:\/\/www.bike55.es\/blog\/culotes-cortos-de-ciclismo-5-propuestas-para-primavera-verano-2019\/#breadcrumb","itemListElement":[{"@type":"ListItem","position":1,"name":"Home","item":"https:\/\/www.bike55.es\/blog\/"},{"@type":"ListItem","position":2,"name":"Culotes Cortos de Ciclismo : 5 Propuestas para Primavera \/ Verano 2019"}]},{"@type":"Person","@id":"https:\/\/www.bike55.es\/blog\/#\/schema\/person\/671618ffb6b2d5270268202485dcbf65","name":"Bike55","image":{"@type":"ImageObject","inLanguage":"es","@id":"https:\/\/www.bike55.es\/blog\/#\/schema\/person\/image\/","url":"https:\/\/secure.gravatar.com\/avatar\/d7b0a493b31074f962db7078a92772a8?s=96&d=mm&r=g","contentUrl":"https:\/\/secure.gravatar.com\/avatar\/d7b0a493b31074f962db7078a92772a8?s=96&d=mm&r=g","caption":"Bike55"},"url":"https:\/\/www.bike55.es\/blog\/author\/seoluciona\/"}]}},"_links":{"self":[{"href":"https:\/\/www.bike55.es\/blog\/wp-json\/wp\/v2\/posts\/392"}],"collection":[{"href":"https:\/\/www.bike55.es\/blog\/wp-json\/wp\/v2\/posts"}],"about":[{"href":"https:\/\/www.bike55.es\/blog\/wp-json\/wp\/v2\/types\/post"}],"author":[{"embeddable":true,"href":"https:\/\/www.bike55.es\/blog\/wp-json\/wp\/v2\/users\/1"}],"replies":[{"embeddable":true,"href":"https:\/\/www.bike55.es\/blog\/wp-json\/wp\/v2\/comments?post=392"}],"version-history":[{"count":5,"href":"https:\/\/www.bike55.es\/blog\/wp-json\/wp\/v2\/posts\/392\/revisions"}],"predecessor-version":[{"id":415,"href":"https:\/\/www.bike55.es\/blog\/wp-json\/wp\/v2\/posts\/392\/revisions\/415"}],"wp:featuredmedia":[{"embeddable":true,"href":"https:\/\/www.bike55.es\/blog\/wp-json\/wp\/v2\/media\/396"}],"wp:attachment":[{"href":"https:\/\/www.bike55.es\/blog\/wp-json\/wp\/v2\/media?parent=392"}],"wp:term":[{"taxonomy":"category","embeddable":true,"href":"https:\/\/www.bike55.es\/blog\/wp-json\/wp\/v2\/categories?post=392"},{"taxonomy":"post_tag","embeddable":true,"href":"https:\/\/www.bike55.es\/blog\/wp-json\/wp\/v2\/tags?post=392"}],"curies":[{"name":"wp","href":"https:\/\/api.w.org\/{rel}","templated":true}]}}